{"id":4083,"date":"2021-06-16T23:25:08","date_gmt":"2021-06-16T21:25:08","guid":{"rendered":"https:\/\/www.sy-samoa.de\/?p=4083"},"modified":"2021-06-16T23:27:00","modified_gmt":"2021-06-16T21:27:00","slug":"boot-glaenzt-wieder","status":"publish","type":"post","link":"https:\/\/www.sy-samoa.de\/?p=4083","title":{"rendered":"Boot gl\u00e4nzt wieder"},"content":{"rendered":"<p lang=\"de-DE\" align=\"LEFT\"><span style=\"font-family: Arial, sans-serif;\">Mittwoch 16.06.2021<br \/>\n<\/span><span style=\"font-family: Arial, sans-serif;\">44\u00b0 49,49 N 013\u00b0 52,98 E\u00a0 Log 3500,7<br \/>\n<\/span><span style=\"font-family: Arial, sans-serif;\">Wasser 22 \u00b0 Luft 24\u00b0\u00a0 Betr. Std. 565,8<br \/>\n<\/span><span style=\"font-family: Arial, sans-serif;\">Festland Bucht Paltana Ankern 5 m<\/span><\/p>\n<p lang=\"de-DE\" align=\"LEFT\"><span style=\"font-family: Arial, sans-serif;\">Um 7:30 Uhr ist Andra\u015d schon da und schmiert die Rollen von seinem Slipwagen.<br \/>\n<\/span><span style=\"font-family: Arial, sans-serif;\">Das nutzt Wolfgang gleich um zu bezahlen. Den Termin f\u00fcr n\u00e4chstes Jahr haben wir bereits, wir k\u00f6nnen aber einen Tag vorher dazu bekommen, um genug Zeit f\u00fcr die zus\u00e4tzlichen Arbeiten mit dem Dichtgummi vom Saildrive zu haben. Ein weiterer Termin f\u00fcr \u00fcbern\u00e4chstes Jahr ist auch schnell gefunden.<br \/>\n<\/span><span style=\"font-family: Arial, sans-serif;\">Punkt 8:00 Uhr werden wir ins Wasser entlassen.<br \/>\n<\/span><span style=\"font-family: Arial, sans-serif;\">[login]Im Gespr\u00e4ch beim Ablassen des Bootes erz\u00e4hlt Andra\u015d dass sein Vater ja mit in der Familie lebt, er aber als einiger Corona bekommen hat. 56 Tage war er im Krankenhaus und h\u00e4tte es fast nicht \u00fcberlebt. Binnen weniger Stunden ist seine Lunge zusammen gebrochen und er musste beatmet werden. Eine ganz schlimme Zeit. Seit 13. Mai ist er wieder zuhause, aber er kann jetzt nichts mehr ohne Hilfe erledigen. Mindestens ein halbes Jahr wird es noch dauern, bis Besserung ins Sicht sein kann. Alles ist f\u00fcr die Familie schwierig im Moment. Im Bekanntenkreis sind auch viele an Corona erkrankt oder auch gestorben.<br \/>\n<\/span><span style=\"font-family: Arial, sans-serif;\">Das mit den Corona Zahlen ist auch so eine Sache. In der Zeitung steht etwas von 2 F\u00e4llen am Tag, er aber kennt mindestens 5 F\u00e4lle. Das Land braucht den Tourismus. M\u00f6glicherweise sind die offiziellen Zahlen etwas gesch\u00f6nt. Andra\u015d hofft, wie die anderen Gastronomen und das Hotel auf G\u00e4ste aus Deutschland wenn bei uns die Ferien beginnen. Im Moment sind nur 18 Zimmer im Hotel belegt. Die Flaute haben wir ja bereits mitbekommen, wobei das f\u00fcr uns ja so sch\u00f6ner ist. Das hei\u00dft aber nicht, dass wir kein Verst\u00e4ndnis f\u00fcr Land und Menschen haben, im Gegenteil.[\/login]<br \/>\n<\/span><span style=\"font-family: Arial, sans-serif;\">Wir w\u00fcnschen Andra\u015d, seiner Familie und seinen Leuten alles Gute f\u00fcr die Zukunft.<\/span><\/p>\n<p lang=\"de-DE\" align=\"LEFT\"><span style=\"font-family: Arial, sans-serif;\">Nach der Wasserrung sagt Wolfgang auf einmal: \u201eUnser Tiefenmesser geht wieder\u201c. Wir fahren zur\u00fcck zum Slipwagen und sagen es Andra\u015d, denn weitere Tests bringen nichts, wenn es funktioniert. Irgendwie m\u00fcssen wir aber den Elektriker noch f\u00fcr seine Bem\u00fchungen bezahlen. Andra\u015d winkt ab und sagt: \u201eIst alles gut ich erledige das schon, wir machen das beim n\u00e4chsten Mal\u201c.<\/span><\/p>\n<p lang=\"de-DE\" align=\"LEFT\"><span style=\"font-family: Arial, sans-serif;\"><a href=\"https:\/\/www.sy-samoa.de\/wp-content\/uploads\/2021\/06\/DSC01357.jpg\" data-rel=\"lightbox-gallery-wPBNnn8e\" data-rl_title=\"\" data-rl_caption=\"\" title=\"\"><img class=\"alignnone size-medium wp-image-4077\" src=\"https:\/\/www.sy-samoa.de\/wp-content\/uploads\/2021\/06\/DSC01357-300x200.jpg\" alt=\"\" width=\"300\" height=\"200\" srcset=\"https:\/\/www.sy-samoa.de\/wp-content\/uploads\/2021\/06\/DSC01357-300x200.jpg 300w, https:\/\/www.sy-samoa.de\/wp-content\/uploads\/2021\/06\/DSC01357-150x100.jpg 150w, https:\/\/www.sy-samoa.de\/wp-content\/uploads\/2021\/06\/DSC01357-768x512.jpg 768w, https:\/\/www.sy-samoa.de\/wp-content\/uploads\/2021\/06\/DSC01357.jpg 1000w\" sizes=\"(max-width: 300px) 100vw, 300px\" \/><\/a><\/span><\/p>\n<p lang=\"de-DE\" align=\"LEFT\"><span style=\"font-family: Arial, sans-serif;\">Im Wasser ankern wir erst mal und machen Fr\u00fchst\u00fcck. <\/span><\/p>\n<p lang=\"de-DE\" align=\"LEFT\"><span style=\"font-family: Arial, sans-serif;\">Der Segler aus Mannheim hebt jetzt seinen Anker und will weiter fahren, aber vorher kommt er mit seinem Schiff dicht zu uns herangefahren um unser frisch poliertes Boot zu bestaunen. Er erz\u00e4hlt dass er bei der Werft nachgefragt hat, ob seine Schiffsgr\u00f6\u00dfe noch auf den Slip passen w\u00fcrde. Die L\u00e4nge von 18 Metern w\u00fcrde noch passen, nur sein Tiefgang ist zu gro\u00df. Da gehen nur 2,10 Meter. Der Skipper findet es schade, weil auch er die Arbeitsweise der Werft gut findet.<br \/>\n<\/span><span style=\"font-family: Arial, sans-serif;\">Wir verabschieden uns mit \u201eFair Winds\u201c dann geht es f\u00fcr ihn weiter. <\/span><\/p>\n<p lang=\"de-DE\" align=\"LEFT\"><span style=\"font-family: Arial, sans-serif;\">Wolfgang putzt unsere Fender, damit unser sauberes Boot nicht gleich h\u00e4ssliche Streifen bekommt. Die vier \u00e4lteren Fendern werden wir demn\u00e4chst mit ersetzen, denn die fangen an klebrig zu werden.<br \/>\n<\/span><span style=\"font-family: Arial, sans-serif;\">Nachmittags um 15:00 Uhr gibt es heute ein deutsches Sonntagsessen. Frische Kl\u00f6\u00dfe mit Br\u00f6ckerla und Rouladen. Nach dem gemeinsamen Sp\u00fclen, pumpen wir gemeinsam das Paddelboard auf. Danach gehen wir ins Wasser. Bei mir dauert es etwas l\u00e4nger trotz 24\u00b0 Wassertemperatur. Wolfgang schwingt sich aufs Board und sticht in See.<\/span><\/p>\n<p lang=\"de-DE\" align=\"LEFT\"><a href=\"https:\/\/www.sy-samoa.de\/wp-content\/uploads\/2021\/06\/DSC01359.jpg\" data-rel=\"lightbox-gallery-wPBNnn8e\" data-rl_title=\"\" data-rl_caption=\"\" title=\"\"><img class=\"alignnone size-medium wp-image-4084\" src=\"https:\/\/www.sy-samoa.de\/wp-content\/uploads\/2021\/06\/DSC01359-300x200.jpg\" alt=\"\" width=\"300\" height=\"200\" srcset=\"https:\/\/www.sy-samoa.de\/wp-content\/uploads\/2021\/06\/DSC01359-300x200.jpg 300w, https:\/\/www.sy-samoa.de\/wp-content\/uploads\/2021\/06\/DSC01359-150x100.jpg 150w, https:\/\/www.sy-samoa.de\/wp-content\/uploads\/2021\/06\/DSC01359-768x512.jpg 768w, https:\/\/www.sy-samoa.de\/wp-content\/uploads\/2021\/06\/DSC01359.jpg 1000w\" sizes=\"(max-width: 300px) 100vw, 300px\" \/><\/a><\/p>\n<p lang=\"de-DE\" align=\"LEFT\"><span style=\"font-family: Arial, sans-serif;\">Sp\u00e4ter will ich noch unser altes Brot an die Fische verf\u00fcttern, aber es kommen keine. Daf\u00fcr kommt eine M\u00f6we angeflogen und tut so als wenn sie nur am vorbei schwimmen ist. Schnell schnappt sie dann zu, guckt wieder unschuldig in die Luft und verdr\u00fcckt dann den Rest der eigentlich f\u00fcr die Fische gedacht war.<\/span><\/p>\n<p lang=\"de-DE\" align=\"LEFT\"><span style=\"font-family: Arial, sans-serif;\">Am Abend ist das Meer spiegelglatt.<\/span><\/p>\n","protected":false},"excerpt":{"rendered":"<p>Mittwoch 16.06.2021 44\u00b0 49,49 N 013\u00b0 52,98 E\u00a0 Log 3500,7 Wasser 22 \u00b0 Luft 24\u00b0\u00a0 Betr. Std. 565,8 Festland Bucht Paltana Ankern 5 m Um 7:30 Uhr ist Andra\u015d schon da und schmiert die Rollen von seinem Slipwagen. Das nutzt Wolfgang gleich um zu bezahlen. Den Termin f\u00fcr n\u00e4chstes Jahr haben wir bereits, wir k\u00f6nnen &hellip; <\/p>\n<p class=\"link-more\"><a href=\"https:\/\/www.sy-samoa.de\/?p=4083\" class=\"more-link\"><span class=\"screen-reader-text\">\u201eBoot gl\u00e4nzt wieder\u201c<\/span> weiterlesen<\/a><\/p>\n","protected":false},"author":2,"featured_media":0,"comment_status":"open","ping_status":"closed","sticky":false,"template":"","format":"standard","meta":[],"categories":[1],"tags":[],"_links":{"self":[{"href":"https:\/\/www.sy-samoa.de\/index.php?rest_route=\/wp\/v2\/posts\/4083"}],"collection":[{"href":"https:\/\/www.sy-samoa.de\/index.php?rest_route=\/wp\/v2\/posts"}],"about":[{"href":"https:\/\/www.sy-samoa.de\/index.php?rest_route=\/wp\/v2\/types\/post"}],"author":[{"embeddable":true,"href":"https:\/\/www.sy-samoa.de\/index.php?rest_route=\/wp\/v2\/users\/2"}],"replies":[{"embeddable":true,"href":"https:\/\/www.sy-samoa.de\/index.php?rest_route=%2Fwp%2Fv2%2Fcomments&post=4083"}],"version-history":[{"count":2,"href":"https:\/\/www.sy-samoa.de\/index.php?rest_route=\/wp\/v2\/posts\/4083\/revisions"}],"predecessor-version":[{"id":4086,"href":"https:\/\/www.sy-samoa.de\/index.php?rest_route=\/wp\/v2\/posts\/4083\/revisions\/4086"}],"wp:attachment":[{"href":"https:\/\/www.sy-samoa.de\/index.php?rest_route=%2Fwp%2Fv2%2Fmedia&parent=4083"}],"wp:term":[{"taxonomy":"category","embeddable":true,"href":"https:\/\/www.sy-samoa.de\/index.php?rest_route=%2Fwp%2Fv2%2Fcategories&post=4083"},{"taxonomy":"post_tag","embeddable":true,"href":"https:\/\/www.sy-samoa.de\/index.php?rest_route=%2Fwp%2Fv2%2Ftags&post=4083"}],"curies":[{"name":"wp","href":"https:\/\/api.w.org\/{rel}","templated":true}]}}