{"id":4765,"date":"2024-05-04T20:54:15","date_gmt":"2024-05-04T18:54:15","guid":{"rendered":"https:\/\/www.sy-samoa.de\/?p=4765"},"modified":"2024-05-05T14:01:21","modified_gmt":"2024-05-05T12:01:21","slug":"fruehling-in-der-marina","status":"publish","type":"post","link":"https:\/\/www.sy-samoa.de\/?p=4765","title":{"rendered":"Fr\u00fchling in der Marina"},"content":{"rendered":"<p lang=\"de-DE\" align=\"LEFT\"><span style=\"font-family: Arial, sans-serif;\">Samstag 04.05.2024<br \/>\n<\/span><span style=\"font-family: Arial, sans-serif;\">44\u00b0 50,62 N 013\u00b0 50,57 E Log 15400 0 sm<br \/>\n<\/span><span style=\"font-family: Arial, sans-serif; font-size: 1rem;\">W19\u00b0 L 16,8\u00b0 Betr. Std. 638,9 Steg<br \/>\n<\/span><span style=\"font-family: Arial, sans-serif;\">Marina Veruda<\/span><\/p>\n<p lang=\"de-DE\" align=\"LEFT\"><span style=\"font-family: Arial, sans-serif;\">Am sp\u00e4ten Vormittag laufen wir Richtung Marina. Zwischen zwei Stegen wurde beim rausfahren ein Segler vom Wind in die Murings eines vert\u00e4uten Schiffes gedr\u00fcckt. Es war nicht weiter schlimm und sie bekamen auch gleich Hilfe von der Marina. Die Marina Mitarbeiter hatten das Schiff vom angelegten Boot aus weggedr\u00fcckt und gleichzeitig vom Wasser aus mit einem Schlauchboot herausgezogen.<\/span><\/p>\n<p lang=\"de-DE\" align=\"LEFT\"><a href=\"https:\/\/www.sy-samoa.de\/wp-content\/uploads\/2024\/04\/DSC03753.jpg\" data-rel=\"lightbox-gallery-UMEqZrTu\" data-rl_title=\"\" data-rl_caption=\"\" title=\"\"><img class=\"alignnone size-medium wp-image-4750\" src=\"https:\/\/www.sy-samoa.de\/wp-content\/uploads\/2024\/04\/DSC03753-300x200.jpg\" alt=\"\" width=\"300\" height=\"200\" srcset=\"https:\/\/www.sy-samoa.de\/wp-content\/uploads\/2024\/04\/DSC03753-300x200.jpg 300w, https:\/\/www.sy-samoa.de\/wp-content\/uploads\/2024\/04\/DSC03753-150x100.jpg 150w, https:\/\/www.sy-samoa.de\/wp-content\/uploads\/2024\/04\/DSC03753-768x512.jpg 768w, https:\/\/www.sy-samoa.de\/wp-content\/uploads\/2024\/04\/DSC03753.jpg 1000w\" sizes=\"(max-width: 300px) 100vw, 300px\" \/><\/a><\/p>\n<p lang=\"de-DE\" align=\"LEFT\"><span style=\"font-family: Arial, sans-serif;\">An jeder Ecke bl\u00fchen jetzt wieder die Blumen.<\/span><\/p>\n<p lang=\"de-DE\" align=\"LEFT\"><a href=\"https:\/\/www.sy-samoa.de\/wp-content\/uploads\/2024\/04\/DSC03756.jpg\" data-rel=\"lightbox-gallery-UMEqZrTu\" data-rl_title=\"\" data-rl_caption=\"\" title=\"\"><img class=\"alignnone size-medium wp-image-4751\" src=\"https:\/\/www.sy-samoa.de\/wp-content\/uploads\/2024\/04\/DSC03756-300x200.jpg\" alt=\"\" width=\"300\" height=\"200\" srcset=\"https:\/\/www.sy-samoa.de\/wp-content\/uploads\/2024\/04\/DSC03756-300x200.jpg 300w, https:\/\/www.sy-samoa.de\/wp-content\/uploads\/2024\/04\/DSC03756-150x100.jpg 150w, https:\/\/www.sy-samoa.de\/wp-content\/uploads\/2024\/04\/DSC03756-768x512.jpg 768w, https:\/\/www.sy-samoa.de\/wp-content\/uploads\/2024\/04\/DSC03756.jpg 1000w\" sizes=\"(max-width: 300px) 100vw, 300px\" \/><\/a><a href=\"https:\/\/www.sy-samoa.de\/wp-content\/uploads\/2024\/04\/DSC03758.jpg\" data-rel=\"lightbox-gallery-UMEqZrTu\" data-rl_title=\"\" data-rl_caption=\"\" title=\"\"><img class=\"alignnone size-medium wp-image-4752\" src=\"https:\/\/www.sy-samoa.de\/wp-content\/uploads\/2024\/04\/DSC03758-300x200.jpg\" alt=\"\" width=\"300\" height=\"200\" srcset=\"https:\/\/www.sy-samoa.de\/wp-content\/uploads\/2024\/04\/DSC03758-300x200.jpg 300w, https:\/\/www.sy-samoa.de\/wp-content\/uploads\/2024\/04\/DSC03758-150x100.jpg 150w, https:\/\/www.sy-samoa.de\/wp-content\/uploads\/2024\/04\/DSC03758-768x512.jpg 768w, https:\/\/www.sy-samoa.de\/wp-content\/uploads\/2024\/04\/DSC03758.jpg 1000w\" sizes=\"(max-width: 300px) 100vw, 300px\" \/><\/a><\/p>\n<p lang=\"de-DE\" align=\"LEFT\"><span style=\"font-family: Arial, sans-serif;\">Im Marinab\u00fcro fragen wir warum unser Boot verlegt wurde.<br \/>\n<\/span><span style=\"font-family: Arial, sans-serif;\">Die freundliche Mitarbeiterin sagt nur, dass die Marina das Recht hat, Boote ohne Angaben von Gr\u00fcnden zu verlegen.<br \/>\nOk, alles klar, wir wissen ja eigentlich den Grund, sie ben\u00f6tigten breitere Pl\u00e4tze f\u00fcr gr\u00f6\u00dfere Boote. Aber jetzt ist unser Liegeplatz nicht 10\/20 wie von der Marina angegeben, sondern 10\/19, weil ja unser Platz auf der gegen\u00fcberliegenden Seite aufgel\u00f6st wurde. Das wollten wir nur mitteilen.<\/span><\/p>\n<p lang=\"de-DE\" align=\"LEFT\"><span style=\"font-family: Arial, sans-serif;\">Gleichzeitig konnten wir die neue Marina Info und T\u00f6rn Brosch\u00fcre mit wundersch\u00f6nen Fotos mitnehmen. Die sind immer schnell vergriffen. Die m\u00f6chte ich gerne der Familie von meinem Sohn zeigen, damit sie schon die Vorfreude auf den Urlaub hier genie\u00dfen k\u00f6nnen.<\/span><\/p>\n<p lang=\"de-DE\" align=\"LEFT\"><span style=\"font-family: Arial, sans-serif;\">Nachmittags haben wir dann die Fender geputzt, die hatten es auch n\u00f6tig.<\/span><\/p>\n","protected":false},"excerpt":{"rendered":"<p>Samstag 04.05.2024 44\u00b0 50,62 N 013\u00b0 50,57 E Log 15400 0 sm W19\u00b0 L 16,8\u00b0 Betr. Std. 638,9 Steg Marina Veruda Am sp\u00e4ten Vormittag laufen wir Richtung Marina. Zwischen zwei Stegen wurde beim rausfahren ein Segler vom Wind in die Murings eines vert\u00e4uten Schiffes gedr\u00fcckt. Es war nicht weiter schlimm und sie bekamen auch gleich &hellip; <\/p>\n<p class=\"link-more\"><a href=\"https:\/\/www.sy-samoa.de\/?p=4765\" class=\"more-link\"><span class=\"screen-reader-text\">\u201eFr\u00fchling in der Marina\u201c<\/span> weiterlesen<\/a><\/p>\n","protected":false},"author":2,"featured_media":0,"comment_status":"open","ping_status":"closed","sticky":false,"template":"","format":"standard","meta":[],"categories":[1],"tags":[],"_links":{"self":[{"href":"https:\/\/www.sy-samoa.de\/index.php?rest_route=\/wp\/v2\/posts\/4765"}],"collection":[{"href":"https:\/\/www.sy-samoa.de\/index.php?rest_route=\/wp\/v2\/posts"}],"about":[{"href":"https:\/\/www.sy-samoa.de\/index.php?rest_route=\/wp\/v2\/types\/post"}],"author":[{"embeddable":true,"href":"https:\/\/www.sy-samoa.de\/index.php?rest_route=\/wp\/v2\/users\/2"}],"replies":[{"embeddable":true,"href":"https:\/\/www.sy-samoa.de\/index.php?rest_route=%2Fwp%2Fv2%2Fcomments&post=4765"}],"version-history":[{"count":2,"href":"https:\/\/www.sy-samoa.de\/index.php?rest_route=\/wp\/v2\/posts\/4765\/revisions"}],"predecessor-version":[{"id":4767,"href":"https:\/\/www.sy-samoa.de\/index.php?rest_route=\/wp\/v2\/posts\/4765\/revisions\/4767"}],"wp:attachment":[{"href":"https:\/\/www.sy-samoa.de\/index.php?rest_route=%2Fwp%2Fv2%2Fmedia&parent=4765"}],"wp:term":[{"taxonomy":"category","embeddable":true,"href":"https:\/\/www.sy-samoa.de\/index.php?rest_route=%2Fwp%2Fv2%2Fcategories&post=4765"},{"taxonomy":"post_tag","embeddable":true,"href":"https:\/\/www.sy-samoa.de\/index.php?rest_route=%2Fwp%2Fv2%2Ftags&post=4765"}],"curies":[{"name":"wp","href":"https:\/\/api.w.org\/{rel}","templated":true}]}}